{"id":2354,"date":"2023-05-24T14:27:30","date_gmt":"2023-05-24T12:27:30","guid":{"rendered":"https:\/\/www.diocesi.brescia.it\/persona\/?p=2354"},"modified":"2023-05-24T14:27:30","modified_gmt":"2023-05-24T12:27:30","slug":"corsi-estivi-di-formazione-per-insegnanti","status":"publish","type":"post","link":"https:\/\/www.diocesi.brescia.it\/persona\/corsi-estivi-di-formazione-per-insegnanti\/","title":{"rendered":"Corsi estivi di formazione per insegnanti"},"content":{"rendered":"<h5>Gli interrogativi di senso dell&#8217;uomo: accogliere a scuola le domande di alunne e alunni.<\/h5>\n<p>L\u2019Ufficio per la Scuola della Diocesi di Brescia e l\u2019Istituto Superiore di Scienze Religiose (Universit\u00e0 Cattolica del Sacro Cuore di Brescia) propongono due Summer school, corsi estivi di formazione per insegnanti, in particolare quelli di religione, accreditate dal Ministero dell\u2019Istruzione e finanziabili con la \u201cCarta del Docente\u201d. Gli eventi, fruibili\u00a0esclusivamente in presenza, attraverso sfumature e interventi diversificati, si concentreranno sul\u00a0<strong>rapporto tra educazione, scuola e\u00a0questione del senso<\/strong>. La prima proposta si terr\u00e0 a Bienno (Eremo dei Santi Pietro e Paolo) nei giorni di<strong> venerd\u00ec 23 e sabato 24 giugno 2023<\/strong>: <a href=\"https:\/\/www.ircbrescia.it\/2023\/05\/22\/23-24-06-2023-summer-school-qual-e-il-senso-della-nostra-esistenza-il-saper-rispondere-a-una-siffatta-domanda-significa-avere-sentimenti-religiosi-a-einstein-bienno\/\"><strong><em>\u201cQual \u00e8 il senso della nostra esistenza? Il saper rispondere a una siffatta domanda significa avere sentimenti religiosi\u201d <\/em>(A. Einstein)<\/strong><\/a>\u00a0 (con visita guidata al Parco Nazionale delle Incisioni Rupestri: <em>il senso del sacro nell\u2019arte rupestre<\/em>);<\/p>\n<p>La seconda iniziativa sar\u00e0 a Brescia (Campus UniCatt di Mompiano),<strong> luned\u00ec 3 e marted\u00ec 4 luglio 2023<\/strong>: <a href=\"https:\/\/www.ircbrescia.it\/2023\/05\/22\/03-04-07-2023-summer-school-il-senso-della-vita-e-quello-di-trovare-il-vostro-dono-lo-scopo-della-vita-e-quello-di-regalarlo-p-picasso-brescia\/\"><strong><em>\u201cIl senso della vita \u00e8 quello di trovare il vostro dono. Lo scopo della vita \u00e8 quello di regalarlo\u201d<\/em> (P. Picasso)<\/strong><\/a>\u00a0 (con visita guidata alla Collezione Paolo VI &#8211; arte contemporanea:<em> il senso del sacro nell\u2019arte contemporanea<\/em>).<\/p>\n<p>I posti sono limitati, necessario affrettarsi con le iscrizioni.<\/p>\n<hr class=\"wpba_attachment_hr\">","protected":false},"excerpt":{"rendered":"<p>Gli interrogativi di senso dell&#8217;uomo: accogliere a scuola le domande di alunne e alunni. L\u2019Ufficio per la Scuola della Diocesi di Brescia e l\u2019Istituto Superiore di Scienze Religiose (Universit\u00e0 Cattolica del Sacro Cuore di Brescia) propongono due Summer school, corsi estivi di formazione per insegnanti, in particolare quelli di religione, accreditate dal Ministero dell\u2019Istruzione e finanziabili con la \u201cCarta del Docente\u201d. Gli eventi, fruibili\u00a0esclusivamente in &hellip; <a href=\"https:\/\/www.diocesi.brescia.it\/persona\/corsi-estivi-di-formazione-per-insegnanti\/\" class=\"more-link\">Continua a leggere <span class=\"screen-reader-text\"><\/span> <span class=\"meta-nav\">&raquo;<\/span><\/a><\/p>\n","protected":false},"author":0,"featured_media":2355,"comment_status":"closed","ping_status":"closed","sticky":false,"template":"","format":"standard","meta":{"_acf_changed":false,"footnotes":""},"categories":[185],"tags":[],"acf":[],"yoast_head":"<!-- This site is optimized with the Yoast SEO plugin v22.3 - https:\/\/yoast.com\/wordpress\/plugins\/seo\/ -->\n<title>Corsi estivi di formazione per insegnanti - Pastorale per la crescita della persona<\/title>\n<meta name=\"robots\" content=\"index, follow, max-snippet:-1, max-image-preview:large, max-video-preview:-1\" \/>\n<link rel=\"canonical\" href=\"https:\/\/www.diocesi.brescia.it\/persona\/corsi-estivi-di-formazione-per-insegnanti\/\" \/>\n<meta property=\"og:locale\" content=\"it_IT\" \/>\n<meta property=\"og:type\" content=\"article\" \/>\n<meta property=\"og:title\" content=\"Corsi estivi di formazione per insegnanti - Pastorale per la crescita della persona\" \/>\n<meta property=\"og:description\" content=\"Gli interrogativi di senso dell&#8217;uomo: accogliere a scuola le domande di alunne e alunni. L\u2019Ufficio per la Scuola della Diocesi di Brescia e l\u2019Istituto Superiore di Scienze Religiose (Universit\u00e0 Cattolica del Sacro Cuore di Brescia) propongono due Summer school, corsi estivi di formazione per insegnanti, in particolare quelli di religione, accreditate dal Ministero dell\u2019Istruzione e finanziabili con la \u201cCarta del Docente\u201d. Gli eventi, fruibili\u00a0esclusivamente in &hellip; Continua a leggere &raquo;\" \/>\n<meta property=\"og:url\" content=\"https:\/\/www.diocesi.brescia.it\/persona\/corsi-estivi-di-formazione-per-insegnanti\/\" \/>\n<meta property=\"og:site_name\" content=\"Pastorale per la crescita della persona\" \/>\n<meta property=\"article:published_time\" content=\"2023-05-24T12:27:30+00:00\" \/>\n<meta property=\"og:image\" content=\"https:\/\/www.diocesi.brescia.it\/persona\/wp-content\/uploads\/sites\/5\/2023\/05\/Corsi-di-Formazione-estivi-2023.jpg\" \/>\n\t<meta property=\"og:image:width\" content=\"1600\" \/>\n\t<meta property=\"og:image:height\" content=\"1200\" \/>\n\t<meta property=\"og:image:type\" content=\"image\/jpeg\" \/>\n<meta name=\"author\" content=\"admindiocesi\" \/>\n<meta name=\"twitter:card\" content=\"summary_large_image\" \/>\n<meta name=\"twitter:label1\" content=\"Scritto da\" \/>\n\t<meta name=\"twitter:data1\" content=\"\" \/>\n\t<meta name=\"twitter:label2\" content=\"Tempo di lettura stimato\" \/>\n\t<meta name=\"twitter:data2\" content=\"2 minuti\" \/>\n<script type=\"application\/ld+json\" class=\"yoast-schema-graph\">{\"@context\":\"https:\/\/schema.org\",\"@graph\":[{\"@type\":\"Article\",\"@id\":\"https:\/\/www.diocesi.brescia.it\/persona\/corsi-estivi-di-formazione-per-insegnanti\/#article\",\"isPartOf\":{\"@id\":\"https:\/\/www.diocesi.brescia.it\/persona\/corsi-estivi-di-formazione-per-insegnanti\/\"},\"author\":{\"name\":\"admindiocesi\",\"@id\":\"https:\/\/www.diocesi.brescia.it\/persona\/#\/schema\/person\/138f1be9231300d862632479eedc12bf\"},\"headline\":\"Corsi estivi di formazione per insegnanti\",\"datePublished\":\"2023-05-24T12:27:30+00:00\",\"dateModified\":\"2023-05-24T12:27:30+00:00\",\"mainEntityOfPage\":{\"@id\":\"https:\/\/www.diocesi.brescia.it\/persona\/corsi-estivi-di-formazione-per-insegnanti\/\"},\"wordCount\":207,\"publisher\":{\"@id\":\"https:\/\/www.diocesi.brescia.it\/persona\/#organization\"},\"image\":{\"@id\":\"https:\/\/www.diocesi.brescia.it\/persona\/corsi-estivi-di-formazione-per-insegnanti\/#primaryimage\"},\"thumbnailUrl\":\"https:\/\/www.diocesi.brescia.it\/persona\/wp-content\/uploads\/sites\/5\/2023\/05\/Corsi-di-Formazione-estivi-2023.jpg\",\"articleSection\":[\"News Scuola\"],\"inLanguage\":\"it-IT\"},{\"@type\":\"WebPage\",\"@id\":\"https:\/\/www.diocesi.brescia.it\/persona\/corsi-estivi-di-formazione-per-insegnanti\/\",\"url\":\"https:\/\/www.diocesi.brescia.it\/persona\/corsi-estivi-di-formazione-per-insegnanti\/\",\"name\":\"Corsi estivi di formazione per insegnanti - Pastorale per la crescita della persona\",\"isPartOf\":{\"@id\":\"https:\/\/www.diocesi.brescia.it\/persona\/#website\"},\"primaryImageOfPage\":{\"@id\":\"https:\/\/www.diocesi.brescia.it\/persona\/corsi-estivi-di-formazione-per-insegnanti\/#primaryimage\"},\"image\":{\"@id\":\"https:\/\/www.diocesi.brescia.it\/persona\/corsi-estivi-di-formazione-per-insegnanti\/#primaryimage\"},\"thumbnailUrl\":\"https:\/\/www.diocesi.brescia.it\/persona\/wp-content\/uploads\/sites\/5\/2023\/05\/Corsi-di-Formazione-estivi-2023.jpg\",\"datePublished\":\"2023-05-24T12:27:30+00:00\",\"dateModified\":\"2023-05-24T12:27:30+00:00\",\"breadcrumb\":{\"@id\":\"https:\/\/www.diocesi.brescia.it\/persona\/corsi-estivi-di-formazione-per-insegnanti\/#breadcrumb\"},\"inLanguage\":\"it-IT\",\"potentialAction\":[{\"@type\":\"ReadAction\",\"target\":[\"https:\/\/www.diocesi.brescia.it\/persona\/corsi-estivi-di-formazione-per-insegnanti\/\"]}]},{\"@type\":\"ImageObject\",\"inLanguage\":\"it-IT\",\"@id\":\"https:\/\/www.diocesi.brescia.it\/persona\/corsi-estivi-di-formazione-per-insegnanti\/#primaryimage\",\"url\":\"https:\/\/www.diocesi.brescia.it\/persona\/wp-content\/uploads\/sites\/5\/2023\/05\/Corsi-di-Formazione-estivi-2023.jpg\",\"contentUrl\":\"https:\/\/www.diocesi.brescia.it\/persona\/wp-content\/uploads\/sites\/5\/2023\/05\/Corsi-di-Formazione-estivi-2023.jpg\",\"width\":1600,\"height\":1200},{\"@type\":\"BreadcrumbList\",\"@id\":\"https:\/\/www.diocesi.brescia.it\/persona\/corsi-estivi-di-formazione-per-insegnanti\/#breadcrumb\",\"itemListElement\":[{\"@type\":\"ListItem\",\"position\":1,\"name\":\"Pastorale per la crescita della Persona\",\"item\":\"https:\/\/www.diocesi.brescia.it\/persona\/\"},{\"@type\":\"ListItem\",\"position\":2,\"name\":\"News Scuola\",\"item\":\"https:\/\/www.diocesi.brescia.it\/persona\/category\/news-scuola\/\"},{\"@type\":\"ListItem\",\"position\":3,\"name\":\"Corsi estivi di formazione per insegnanti\"}]},{\"@type\":\"WebSite\",\"@id\":\"https:\/\/www.diocesi.brescia.it\/persona\/#website\",\"url\":\"https:\/\/www.diocesi.brescia.it\/persona\/\",\"name\":\"Pastorale per la crescita della persona\",\"description\":\"\",\"publisher\":{\"@id\":\"https:\/\/www.diocesi.brescia.it\/persona\/#organization\"},\"potentialAction\":[{\"@type\":\"SearchAction\",\"target\":{\"@type\":\"EntryPoint\",\"urlTemplate\":\"https:\/\/www.diocesi.brescia.it\/persona\/?s={search_term_string}\"},\"query-input\":\"required name=search_term_string\"}],\"inLanguage\":\"it-IT\"},{\"@type\":\"Organization\",\"@id\":\"https:\/\/www.diocesi.brescia.it\/persona\/#organization\",\"name\":\"Pastorale per la crescita della persona\",\"url\":\"https:\/\/www.diocesi.brescia.it\/persona\/\",\"logo\":{\"@type\":\"ImageObject\",\"inLanguage\":\"it-IT\",\"@id\":\"https:\/\/www.diocesi.brescia.it\/persona\/#\/schema\/logo\/image\/\",\"url\":\"https:\/\/www.diocesi.brescia.it\/persona\/wp-content\/uploads\/sites\/5\/2025\/09\/cropped-logo-1-persona-HEADER.jpg\",\"contentUrl\":\"https:\/\/www.diocesi.brescia.it\/persona\/wp-content\/uploads\/sites\/5\/2025\/09\/cropped-logo-1-persona-HEADER.jpg\",\"width\":516,\"height\":120,\"caption\":\"Pastorale per la crescita della persona\"},\"image\":{\"@id\":\"https:\/\/www.diocesi.brescia.it\/persona\/#\/schema\/logo\/image\/\"}}]}<\/script>\n<!-- \/ Yoast SEO plugin. -->","yoast_head_json":{"title":"Corsi estivi di formazione per insegnanti - Pastorale per la crescita della persona","robots":{"index":"index","follow":"follow","max-snippet":"max-snippet:-1","max-image-preview":"max-image-preview:large","max-video-preview":"max-video-preview:-1"},"canonical":"https:\/\/www.diocesi.brescia.it\/persona\/corsi-estivi-di-formazione-per-insegnanti\/","og_locale":"it_IT","og_type":"article","og_title":"Corsi estivi di formazione per insegnanti - Pastorale per la crescita della persona","og_description":"Gli interrogativi di senso dell&#8217;uomo: accogliere a scuola le domande di alunne e alunni. L\u2019Ufficio per la Scuola della Diocesi di Brescia e l\u2019Istituto Superiore di Scienze Religiose (Universit\u00e0 Cattolica del Sacro Cuore di Brescia) propongono due Summer school, corsi estivi di formazione per insegnanti, in particolare quelli di religione, accreditate dal Ministero dell\u2019Istruzione e finanziabili con la \u201cCarta del Docente\u201d. Gli eventi, fruibili\u00a0esclusivamente in &hellip; Continua a leggere &raquo;","og_url":"https:\/\/www.diocesi.brescia.it\/persona\/corsi-estivi-di-formazione-per-insegnanti\/","og_site_name":"Pastorale per la crescita della persona","article_published_time":"2023-05-24T12:27:30+00:00","og_image":[{"width":1600,"height":1200,"url":"https:\/\/www.diocesi.brescia.it\/persona\/wp-content\/uploads\/sites\/5\/2023\/05\/Corsi-di-Formazione-estivi-2023.jpg","type":"image\/jpeg"}],"author":"admindiocesi","twitter_card":"summary_large_image","twitter_misc":{"Scritto da":"","Tempo di lettura stimato":"2 minuti"},"schema":{"@context":"https:\/\/schema.org","@graph":[{"@type":"Article","@id":"https:\/\/www.diocesi.brescia.it\/persona\/corsi-estivi-di-formazione-per-insegnanti\/#article","isPartOf":{"@id":"https:\/\/www.diocesi.brescia.it\/persona\/corsi-estivi-di-formazione-per-insegnanti\/"},"author":{"name":"admindiocesi","@id":"https:\/\/www.diocesi.brescia.it\/persona\/#\/schema\/person\/138f1be9231300d862632479eedc12bf"},"headline":"Corsi estivi di formazione per insegnanti","datePublished":"2023-05-24T12:27:30+00:00","dateModified":"2023-05-24T12:27:30+00:00","mainEntityOfPage":{"@id":"https:\/\/www.diocesi.brescia.it\/persona\/corsi-estivi-di-formazione-per-insegnanti\/"},"wordCount":207,"publisher":{"@id":"https:\/\/www.diocesi.brescia.it\/persona\/#organization"},"image":{"@id":"https:\/\/www.diocesi.brescia.it\/persona\/corsi-estivi-di-formazione-per-insegnanti\/#primaryimage"},"thumbnailUrl":"https:\/\/www.diocesi.brescia.it\/persona\/wp-content\/uploads\/sites\/5\/2023\/05\/Corsi-di-Formazione-estivi-2023.jpg","articleSection":["News Scuola"],"inLanguage":"it-IT"},{"@type":"WebPage","@id":"https:\/\/www.diocesi.brescia.it\/persona\/corsi-estivi-di-formazione-per-insegnanti\/","url":"https:\/\/www.diocesi.brescia.it\/persona\/corsi-estivi-di-formazione-per-insegnanti\/","name":"Corsi estivi di formazione per insegnanti - Pastorale per la crescita della persona","isPartOf":{"@id":"https:\/\/www.diocesi.brescia.it\/persona\/#website"},"primaryImageOfPage":{"@id":"https:\/\/www.diocesi.brescia.it\/persona\/corsi-estivi-di-formazione-per-insegnanti\/#primaryimage"},"image":{"@id":"https:\/\/www.diocesi.brescia.it\/persona\/corsi-estivi-di-formazione-per-insegnanti\/#primaryimage"},"thumbnailUrl":"https:\/\/www.diocesi.brescia.it\/persona\/wp-content\/uploads\/sites\/5\/2023\/05\/Corsi-di-Formazione-estivi-2023.jpg","datePublished":"2023-05-24T12:27:30+00:00","dateModified":"2023-05-24T12:27:30+00:00","breadcrumb":{"@id":"https:\/\/www.diocesi.brescia.it\/persona\/corsi-estivi-di-formazione-per-insegnanti\/#breadcrumb"},"inLanguage":"it-IT","potentialAction":[{"@type":"ReadAction","target":["https:\/\/www.diocesi.brescia.it\/persona\/corsi-estivi-di-formazione-per-insegnanti\/"]}]},{"@type":"ImageObject","inLanguage":"it-IT","@id":"https:\/\/www.diocesi.brescia.it\/persona\/corsi-estivi-di-formazione-per-insegnanti\/#primaryimage","url":"https:\/\/www.diocesi.brescia.it\/persona\/wp-content\/uploads\/sites\/5\/2023\/05\/Corsi-di-Formazione-estivi-2023.jpg","contentUrl":"https:\/\/www.diocesi.brescia.it\/persona\/wp-content\/uploads\/sites\/5\/2023\/05\/Corsi-di-Formazione-estivi-2023.jpg","width":1600,"height":1200},{"@type":"BreadcrumbList","@id":"https:\/\/www.diocesi.brescia.it\/persona\/corsi-estivi-di-formazione-per-insegnanti\/#breadcrumb","itemListElement":[{"@type":"ListItem","position":1,"name":"Pastorale per la crescita della Persona","item":"https:\/\/www.diocesi.brescia.it\/persona\/"},{"@type":"ListItem","position":2,"name":"News Scuola","item":"https:\/\/www.diocesi.brescia.it\/persona\/category\/news-scuola\/"},{"@type":"ListItem","position":3,"name":"Corsi estivi di formazione per insegnanti"}]},{"@type":"WebSite","@id":"https:\/\/www.diocesi.brescia.it\/persona\/#website","url":"https:\/\/www.diocesi.brescia.it\/persona\/","name":"Pastorale per la crescita della persona","description":"","publisher":{"@id":"https:\/\/www.diocesi.brescia.it\/persona\/#organization"},"potentialAction":[{"@type":"SearchAction","target":{"@type":"EntryPoint","urlTemplate":"https:\/\/www.diocesi.brescia.it\/persona\/?s={search_term_string}"},"query-input":"required name=search_term_string"}],"inLanguage":"it-IT"},{"@type":"Organization","@id":"https:\/\/www.diocesi.brescia.it\/persona\/#organization","name":"Pastorale per la crescita della persona","url":"https:\/\/www.diocesi.brescia.it\/persona\/","logo":{"@type":"ImageObject","inLanguage":"it-IT","@id":"https:\/\/www.diocesi.brescia.it\/persona\/#\/schema\/logo\/image\/","url":"https:\/\/www.diocesi.brescia.it\/persona\/wp-content\/uploads\/sites\/5\/2025\/09\/cropped-logo-1-persona-HEADER.jpg","contentUrl":"https:\/\/www.diocesi.brescia.it\/persona\/wp-content\/uploads\/sites\/5\/2025\/09\/cropped-logo-1-persona-HEADER.jpg","width":516,"height":120,"caption":"Pastorale per la crescita della persona"},"image":{"@id":"https:\/\/www.diocesi.brescia.it\/persona\/#\/schema\/logo\/image\/"}}]}},"_links":{"self":[{"href":"https:\/\/www.diocesi.brescia.it\/persona\/wp-json\/wp\/v2\/posts\/2354"}],"collection":[{"href":"https:\/\/www.diocesi.brescia.it\/persona\/wp-json\/wp\/v2\/posts"}],"about":[{"href":"https:\/\/www.diocesi.brescia.it\/persona\/wp-json\/wp\/v2\/types\/post"}],"author":[{"embeddable":true,"href":"https:\/\/www.diocesi.brescia.it\/persona\/wp-json\/wp\/v2\/users\/5"}],"replies":[{"embeddable":true,"href":"https:\/\/www.diocesi.brescia.it\/persona\/wp-json\/wp\/v2\/comments?post=2354"}],"version-history":[{"count":1,"href":"https:\/\/www.diocesi.brescia.it\/persona\/wp-json\/wp\/v2\/posts\/2354\/revisions"}],"predecessor-version":[{"id":2356,"href":"https:\/\/www.diocesi.brescia.it\/persona\/wp-json\/wp\/v2\/posts\/2354\/revisions\/2356"}],"wp:featuredmedia":[{"embeddable":true,"href":"https:\/\/www.diocesi.brescia.it\/persona\/wp-json\/wp\/v2\/media\/2355"}],"wp:attachment":[{"href":"https:\/\/www.diocesi.brescia.it\/persona\/wp-json\/wp\/v2\/media?parent=2354"}],"wp:term":[{"taxonomy":"category","embeddable":true,"href":"https:\/\/www.diocesi.brescia.it\/persona\/wp-json\/wp\/v2\/categories?post=2354"},{"taxonomy":"post_tag","embeddable":true,"href":"https:\/\/www.diocesi.brescia.it\/persona\/wp-json\/wp\/v2\/tags?post=2354"}],"curies":[{"name":"wp","href":"https:\/\/api.w.org\/{rel}","templated":true}]}}